{"id":1027093,"date":"2026-04-02T14:19:09","date_gmt":"2026-04-02T12:19:09","guid":{"rendered":"https:\/\/centre-francais.de\/petite-fete-des-francophonies-kleines-format-grosser-erfolg\/"},"modified":"2026-04-10T10:40:41","modified_gmt":"2026-04-10T08:40:41","slug":"petite-fete-francophonies-2026-cfb","status":"publish","type":"post","link":"https:\/\/centre-francais.de\/de\/petite-fete-francophonies-2026-cfb\/","title":{"rendered":"\u201ePetite\u201c F\u00eate des Francophonies: kleines Format, gro\u00dfer Erfolg!"},"content":{"rendered":"<h1 class=\"entry-title\" style=\"text-align: center;\">F\u00eate des Francophonies 2026: Das Centre Fran\u00e7ais de Berlin feiert die Vielfalt der frankophonen Welt<\/h1>\n<p>&nbsp;<\/p>\n<p style=\"text-align: center;\">28.03.2026<\/p>\n<p>&nbsp;<\/p>\n<p>&nbsp;<\/p>\n<h2><strong>Drei Stimmungen, tausend Entdeckungen: die Petite F\u00eate im CFB!<\/strong><\/h2>\n<p><span id=\"baseInclusif\"><br \/>\nAm Samstag, den 28. M\u00e4rz 2026, str\u00f6mte eine gro\u00dfe Anzahl fr\u00f6hlicher Menschen ins Centre Fran\u00e7ais de Berlin \u2013 getragen von einer gemeinsamen Neugier auf die Frankophonie. Ab 16 Uhr verwandelte sich das CFB bei<strong> einem afrikanischen Tanzworkshop des Choreografen Ahmed Soura<\/strong> in eine Tanzfl\u00e4che. Die Luft vibrierte von Percussion, Balafon-Kl\u00e4ngen und dem Lachen der Teilnehmenden, die sich an den Rhythmen afrikanischer Musik versuchten.<br \/>\n<\/span><\/p>\n<p>Der Startschuss f\u00fcr die F\u00eate war gefallen, und die Besucher*innen konnten au\u00dferdem gemeinsam <strong>mit Oumar (Vertreter des Afrika Hauses Berlin) die Geschichte des Afrikanischen Viertels in Berlin entdecken<\/strong> \u2013 begleitet von Anekdoten \u00fcber den ehemaligen franz\u00f6sischen Sektor Berlins, das kulturelle Leben und lokale Initiativen. Dieser immersive Spaziergang machte erfahrbar, wie die Frankophonie Verbindungen zwischen Communities gepr\u00e4gt hat, und f\u00fchrte zugleich zu symboltr\u00e4chtigen Orten, die vielen Besucher*innen bislang unbekannt waren.<\/p>\n<p>Um 16:15 Uhr f\u00fcllte sich der Kinosaal zur Vorf\u00fchrung des Films <em>\u201eAll The Colours Of The World Are Between Black And White\u201c<\/em>. Inspirierend und bewegend <strong>begeisterte er das Publikum mit seiner Botschaft \u00fcber Vielfalt und Inklusion<\/strong> und erz\u00e4hlte die Geschichte zweier junger M\u00e4nner, die sich im heutigen Nigeria ineinander verlieben.<\/p>\n<h6><img loading=\"lazy\" decoding=\"async\" class=\"alignnone size-full wp-image-1027072\" src=\"https:\/\/centre-francais.de\/wp-content\/uploads\/2026\/04\/photo-16H.png\" alt=\"\" width=\"2240\" height=\"1260\" srcset=\"https:\/\/centre-francais.de\/wp-content\/uploads\/2026\/04\/photo-16H.png 2240w, https:\/\/centre-francais.de\/wp-content\/uploads\/2026\/04\/photo-16H-300x169.png 300w, https:\/\/centre-francais.de\/wp-content\/uploads\/2026\/04\/photo-16H-1024x576.png 1024w, https:\/\/centre-francais.de\/wp-content\/uploads\/2026\/04\/photo-16H-768x432.png 768w, https:\/\/centre-francais.de\/wp-content\/uploads\/2026\/04\/photo-16H-1536x864.png 1536w, https:\/\/centre-francais.de\/wp-content\/uploads\/2026\/04\/photo-16H-2048x1152.png 2048w\" sizes=\"(max-width: 2240px) 100vw, 2240px\" \/><\/h6>\n<h2><\/h2>\n<h2><\/h2>\n<h2 style=\"text-align: left;\"><strong>Ein Duft nach Cr\u00eapes und Reisen: die K\u00f6stlichkeiten der Frankophonie<\/strong><\/h2>\n<p>F\u00fcr alle, die Hunger hatten, bot Chez Gustave s\u00fc\u00dfe Cr\u00eapes an und erf\u00fcllte die Flure des CFB mit einem mehr als verf\u00fchrerischen Duft. Diesen Leckereien konnte man kaum widerstehen \u2013 einige lie\u00dfen sich schon direkt bei ihrer Ankunft verf\u00fchren! Doch damit nicht genug: Die dampfenden T\u00f6pfe von Makenene entf\u00fchrten das Publikum in den Reichtum der kamerunisch-afrikanischen K\u00fcche. Jeder Bissen erinnerte an ihr Motto: <em>\u201cWhere there is good food, there is happiness\u201d<\/em>.<img loading=\"lazy\" decoding=\"async\" class=\"alignnone size-full wp-image-1027069\" style=\"font-weight: bold;\" src=\"https:\/\/centre-francais.de\/wp-content\/uploads\/2026\/04\/photo-NOURRITURE.png\" alt=\"\" width=\"2240\" height=\"1260\" srcset=\"https:\/\/centre-francais.de\/wp-content\/uploads\/2026\/04\/photo-NOURRITURE.png 2240w, https:\/\/centre-francais.de\/wp-content\/uploads\/2026\/04\/photo-NOURRITURE-300x169.png 300w, https:\/\/centre-francais.de\/wp-content\/uploads\/2026\/04\/photo-NOURRITURE-1024x576.png 1024w, https:\/\/centre-francais.de\/wp-content\/uploads\/2026\/04\/photo-NOURRITURE-768x432.png 768w, https:\/\/centre-francais.de\/wp-content\/uploads\/2026\/04\/photo-NOURRITURE-1536x864.png 1536w, https:\/\/centre-francais.de\/wp-content\/uploads\/2026\/04\/photo-NOURRITURE-2048x1152.png 2048w\" sizes=\"(max-width: 2240px) 100vw, 2240px\" \/><\/p>\n<p>&nbsp;<\/p>\n<h2><strong>Wenn Musik zur Stimme der Frankophonie wird<\/strong><\/h2>\n<p>Nach Kino und Tanz war bei der Podiumsdiskussion zum Thema <strong>\u201eMusik: Sprachrohr der Frankophonie?\u201c<\/strong> das Wort gefragt. Moderiert wurde sie von Pascal Thibaut, einem franz\u00f6sischen Journalisten, der seit \u00fcber 35 Jahren in Berlin lebt und f\u00fcr Radio France Internationale (RFI) arbeitet. Die Diskussion versprach ebenso spannend wie rhythmisch zu werden.<\/p>\n<p>An seiner Seite nahmen f\u00fcnf G\u00e4ste, <strong>f\u00fcnf Talente und f\u00fcnf unterschiedliche Lebenswege<\/strong> an dem Gespr\u00e4ch teil:<\/p>\n<p><em>Herv\u00e9 Mandina (alias DJ Facemaker)<\/em>, der seit f\u00fcnfzehn Jahren die Sendung Afro-Club Deluxe auf RFI moderiert, zog das Publikum mit seinen Anekdoten \u00fcber afro-frankophone Musik und die Trends, die seine H\u00f6rer*innen begeistern, in seinen Bann.<\/p>\n<p><em>Francis Gay<\/em>, franz\u00f6sischer Journalist, der 1981 nach Deutschland kam und heute die Musikredaktion von Radio Cosmo leitet, erz\u00e4hlte, wie Musik sein Leben und seine Projekte gepr\u00e4gt hat \u2013 und wie sie weiterhin frankophone Kulturen weltweit miteinander verbindet.<\/p>\n<p>Bereichert wurde das Gespr\u00e4ch au\u00dferdem durch die Anwesenheit von <strong>drei K\u00fcnstler*innen mit sich erg\u00e4nzenden k\u00fcnstlerischen Welten<\/strong>.<\/p>\n<p><em>Katavia<\/em>, von Pascal als \u201edie J\u00fcngste\u201c bezeichnet, eine junge frankophone Elektropop-S\u00e4ngerin, sprach \u00fcber ihre B\u00fchnenerfahrungen in Berlin und dar\u00fcber, wie wichtig es ist, zeitgen\u00f6ssische Musik zu verbreiten, die Tradition und Moderne verbindet. Ihre Musik \u2013 an der Schnittstelle ihrer deutsch-franz\u00f6sischen Herkunft und ihrer Schweizer Nationalit\u00e4t \u2013 spiegelt den Reichtum und die Vielfalt der Frankophonie wider und verbindet kulturelle Einfl\u00fcsse mit pers\u00f6nlichen Erfahrungen.<\/p>\n<p><em>Fakera<\/em>, geboren in Madagaskar und aufgewachsen in Senegal, brachte eine ansteckende, fr\u00f6hliche Energie mit und erz\u00e4hlte, wie sie durch Afro Soul universelle Botschaften vermittelt und zugleich ihre afrikanischen Wurzeln feiert.<\/p>\n<p>Schlie\u00dflich \u00fcberraschte <em>Wolfgang Winkler<\/em>, Singer-Songwriter, das Publikum, indem er den Saal in eine Mitmachb\u00fchne verwandelte: Ein deutsch-franz\u00f6sisches St\u00fcck lud Gro\u00df und Klein dazu ein, mitzusingen, in die H\u00e4nde zu klatschen und sich von der Musik mitrei\u00dfen zu lassen.<\/p>\n<p>Mehr als nur eine Podiumsdiskussion war dies ein <strong>interaktiver und festlicher Moment.<\/strong> Musik war nicht l\u00e4nger blo\u00df Gespr\u00e4chsthema, sondern wurde erlebt, gesp\u00fcrt und geteilt \u2013 und machte deutlich, dass die Frankophonie daf\u00fcr da ist, gemeinsam besungen und gefeiert zu werden.<\/p>\n<p><img loading=\"lazy\" decoding=\"async\" class=\"alignnone size-full wp-image-1027075\" src=\"https:\/\/centre-francais.de\/wp-content\/uploads\/2026\/04\/photo-TABLE-RONDE.png\" alt=\"\" width=\"2240\" height=\"1260\" srcset=\"https:\/\/centre-francais.de\/wp-content\/uploads\/2026\/04\/photo-TABLE-RONDE.png 2240w, https:\/\/centre-francais.de\/wp-content\/uploads\/2026\/04\/photo-TABLE-RONDE-300x169.png 300w, https:\/\/centre-francais.de\/wp-content\/uploads\/2026\/04\/photo-TABLE-RONDE-1024x576.png 1024w, https:\/\/centre-francais.de\/wp-content\/uploads\/2026\/04\/photo-TABLE-RONDE-768x432.png 768w, https:\/\/centre-francais.de\/wp-content\/uploads\/2026\/04\/photo-TABLE-RONDE-1536x864.png 1536w, https:\/\/centre-francais.de\/wp-content\/uploads\/2026\/04\/photo-TABLE-RONDE-2048x1152.png 2048w\" sizes=\"(max-width: 2240px) 100vw, 2240px\" \/><\/p>\n<h2 style=\"text-align: left;\"><\/h2>\n<h2>Lachen als gemeinsame Sprache \u2013 dank des Baguette Comedy Club<\/h2>\n<p>Zweifellos das Highlight der Petite F\u00eate des Francophonies: der ausverkaufte Saal des City Kino Wedding schon bei Ankunft des Publikums \u2013 f\u00fcr die<strong> Stand-up-Comedy-Show des Baguette Comedy Club<\/strong>!<\/p>\n<p>Als MC f\u00fchrte C\u00e9line mit explosiver Energie durch den Abend und nahm die Zuschauer*innen mit<strong> durch einen<\/strong> <strong>Wirbelwind frankophoner Berliner Talente.<\/strong> Schon in den ersten Minuten war das Gel\u00e4chter gro\u00df.<\/p>\n<p>Das Publikum war begeistert von <em>Julia<\/em>s augenzwinkernden Anekdoten, <em>M\u00e9lida<\/em>s spritziger Energie, <em>Matt<\/em>s pointiertem Humor und <em>Max<\/em>\u2019 treffenden Witzen, die Missgeschicke von Expats in Berlin in urkomische und zugleich universelle Situationen verwandelten. Jede Punchline, jede absurde Szene brachte den Saal zum Lachen \u2013 in einer Atmosph\u00e4re voller Verbundenheit zwischen K\u00fcnstler*innen und Publikum.<\/p>\n<p>Und als w\u00e4re das nicht schon genug gewesen, verzauberte auch C\u00e9lines Hund, das geliebte Maskottchen der Truppe, das Publikum. Seine Auftritte auf der B\u00fchne l\u00f6sten fast genauso viele Lacher und \u201eAwwws\u201c aus wie die Sketche selbst. Dieser Abend wird als echtes Konzentrat aus guter Laune und gemeinsamem Lachen in Erinnerung bleiben \u2013 ein Moment, in dem<strong> die franz\u00f6sische Sprache Menschen durch Humor zusammengebracht hat.<\/strong><\/p>\n<p><img loading=\"lazy\" decoding=\"async\" class=\"alignnone size-full wp-image-1027078\" src=\"https:\/\/centre-francais.de\/wp-content\/uploads\/2026\/04\/photo-HUMOUR-1.png\" alt=\"\" width=\"2240\" height=\"1260\" srcset=\"https:\/\/centre-francais.de\/wp-content\/uploads\/2026\/04\/photo-HUMOUR-1.png 2240w, https:\/\/centre-francais.de\/wp-content\/uploads\/2026\/04\/photo-HUMOUR-1-300x169.png 300w, https:\/\/centre-francais.de\/wp-content\/uploads\/2026\/04\/photo-HUMOUR-1-1024x576.png 1024w, https:\/\/centre-francais.de\/wp-content\/uploads\/2026\/04\/photo-HUMOUR-1-768x432.png 768w, https:\/\/centre-francais.de\/wp-content\/uploads\/2026\/04\/photo-HUMOUR-1-1536x864.png 1536w, https:\/\/centre-francais.de\/wp-content\/uploads\/2026\/04\/photo-HUMOUR-1-2048x1152.png 2048w\" sizes=\"(max-width: 2240px) 100vw, 2240px\" \/><\/p>\n<p>&nbsp;<\/p>\n<h2 style=\"text-align: left;\"><\/h2>\n<h2>Musik: das Herz des Abends und der Frankophonie!<\/h2>\n<p>Zum kr\u00f6nenden Abschluss vibrierte das Centre Fran\u00e7ais de Berlin bei einem Konzert und einem Afro-House-DJ-Set unserer beiden K\u00fcnstler*innen Katavia und DJ Facemaker mehr denn je.<\/p>\n<p>Katavia zog das Publikum mit ihrer gro\u00dfartigen, emotionsgeladenen Stimme in den Bann. Die Pr\u00e4zision ihrer Songs ber\u00fchrte das Publikum tief und bewies, dass<strong> frankophone Musik ihren festen Platz auf der Berliner B\u00fchne hat.<\/strong><\/p>\n<p>Ab 22 Uhr \u00fcbernahm DJ Facemaker und verwandelte das Foyer in einen echten Afrobeat-Dancefloor! Mit seiner explosiven Auswahl aus Afro-Rhythmen, elektronischen Grooves und frankophonen Vibes war Stillstehen unm\u00f6glich. Die Teilnehmenden begannen sogar eine Polonaise, die in einem euphorischen Moment nach und nach alle mitriss.<\/p>\n<p><strong>Es lebe die Frankophonie!<\/strong><\/p>\n<p><img loading=\"lazy\" decoding=\"async\" class=\"alignnone size-full wp-image-1027081\" src=\"https:\/\/centre-francais.de\/wp-content\/uploads\/2026\/04\/photo-MUSIC.png\" alt=\"\" width=\"2240\" height=\"1260\" srcset=\"https:\/\/centre-francais.de\/wp-content\/uploads\/2026\/04\/photo-MUSIC.png 2240w, https:\/\/centre-francais.de\/wp-content\/uploads\/2026\/04\/photo-MUSIC-300x169.png 300w, https:\/\/centre-francais.de\/wp-content\/uploads\/2026\/04\/photo-MUSIC-1024x576.png 1024w, https:\/\/centre-francais.de\/wp-content\/uploads\/2026\/04\/photo-MUSIC-768x432.png 768w, https:\/\/centre-francais.de\/wp-content\/uploads\/2026\/04\/photo-MUSIC-1536x864.png 1536w, https:\/\/centre-francais.de\/wp-content\/uploads\/2026\/04\/photo-MUSIC-2048x1152.png 2048w\" sizes=\"(max-width: 2240px) 100vw, 2240px\" \/><\/p>\n<p><strong><em>Ein gro\u00dfes Dankesch\u00f6n auch an das gesamte CFB-Team f\u00fcr sein Engagement sowie an unsere Partner \u2013 das DFJW, das Institut fran\u00e7ais Deutschland, das Saarland, das Land Berlin, der Verlag Klett\u00a0und die Partnerbotschaften \u2013 f\u00fcr ihre wertvolle Unterst\u00fctzung, die diesen Abend m\u00f6glich gemacht hat.<\/em><\/strong><\/p>\n<p>Wir sehen uns am 21. Juni 2026 zur F\u00eate de la Musique im CFB \u2013 auch da freuen wir uns auf eine gro\u00dfe Party mit euch!<\/p>\n<p>&nbsp;<\/p>\n<p><img loading=\"lazy\" decoding=\"async\" class=\"alignnone wp-image-1026783 \" src=\"https:\/\/centre-francais.de\/wp-content\/uploads\/2026\/03\/BDFBV_de_v1__Office_farbig.png\" alt=\"\" width=\"362\" height=\"117\" srcset=\"https:\/\/centre-francais.de\/wp-content\/uploads\/2026\/03\/BDFBV_de_v1__Office_farbig.png 2573w, https:\/\/centre-francais.de\/wp-content\/uploads\/2026\/03\/BDFBV_de_v1__Office_farbig-300x97.png 300w, https:\/\/centre-francais.de\/wp-content\/uploads\/2026\/03\/BDFBV_de_v1__Office_farbig-1024x331.png 1024w, https:\/\/centre-francais.de\/wp-content\/uploads\/2026\/03\/BDFBV_de_v1__Office_farbig-768x248.png 768w, https:\/\/centre-francais.de\/wp-content\/uploads\/2026\/03\/BDFBV_de_v1__Office_farbig-1536x497.png 1536w, https:\/\/centre-francais.de\/wp-content\/uploads\/2026\/03\/BDFBV_de_v1__Office_farbig-2048x662.png 2048w\" sizes=\"(max-width: 362px) 100vw, 362px\" \/> \u00a0<img loading=\"lazy\" decoding=\"async\" class=\"alignnone wp-image-1026800\" src=\"https:\/\/centre-francais.de\/wp-content\/uploads\/2026\/03\/Logo-Berlin.png\" alt=\"\" width=\"345\" height=\"115\" srcset=\"https:\/\/centre-francais.de\/wp-content\/uploads\/2026\/03\/Logo-Berlin.png 851w, https:\/\/centre-francais.de\/wp-content\/uploads\/2026\/03\/Logo-Berlin-300x100.png 300w, https:\/\/centre-francais.de\/wp-content\/uploads\/2026\/03\/Logo-Berlin-768x256.png 768w\" sizes=\"(max-width: 345px) 100vw, 345px\" \/>\u00a0 \u00a0 <img loading=\"lazy\" decoding=\"async\" class=\"alignnone wp-image-1026791\" src=\"https:\/\/centre-francais.de\/wp-content\/uploads\/2026\/03\/IF_BlocMarqueDeutschland_CMYK_300dpi.jpg\" alt=\"\" width=\"199\" height=\"115\" srcset=\"https:\/\/centre-francais.de\/wp-content\/uploads\/2026\/03\/IF_BlocMarqueDeutschland_CMYK_300dpi.jpg 946w, https:\/\/centre-francais.de\/wp-content\/uploads\/2026\/03\/IF_BlocMarqueDeutschland_CMYK_300dpi-300x173.jpg 300w, https:\/\/centre-francais.de\/wp-content\/uploads\/2026\/03\/IF_BlocMarqueDeutschland_CMYK_300dpi-768x443.jpg 768w\" sizes=\"(max-width: 199px) 100vw, 199px\" \/>\u00a0 \u00a0 <img loading=\"lazy\" decoding=\"async\" class=\"alignnone wp-image-5699\" src=\"https:\/\/centre-francais.de\/wp-content\/uploads\/2020\/02\/OFAJ_DFJW_couleurs.jpg\" alt=\"\" width=\"176\" height=\"114\" srcset=\"https:\/\/centre-francais.de\/wp-content\/uploads\/2020\/02\/OFAJ_DFJW_couleurs.jpg 992w, https:\/\/centre-francais.de\/wp-content\/uploads\/2020\/02\/OFAJ_DFJW_couleurs-300x194.jpg 300w, https:\/\/centre-francais.de\/wp-content\/uploads\/2020\/02\/OFAJ_DFJW_couleurs-768x496.jpg 768w, https:\/\/centre-francais.de\/wp-content\/uploads\/2020\/02\/OFAJ_DFJW_couleurs-264x171.jpg 264w, https:\/\/centre-francais.de\/wp-content\/uploads\/2020\/02\/OFAJ_DFJW_couleurs-184x119.jpg 184w, https:\/\/centre-francais.de\/wp-content\/uploads\/2020\/02\/OFAJ_DFJW_couleurs-497x321.jpg 497w\" sizes=\"(max-width: 176px) 100vw, 176px\" \/>\u00a0 \u00a0 <img loading=\"lazy\" decoding=\"async\" class=\"alignnone wp-image-1026794\" src=\"https:\/\/centre-francais.de\/wp-content\/uploads\/2026\/03\/RFIberlin967png.png\" alt=\"\" width=\"204\" height=\"114\" srcset=\"https:\/\/centre-francais.de\/wp-content\/uploads\/2026\/03\/RFIberlin967png.png 668w, https:\/\/centre-francais.de\/wp-content\/uploads\/2026\/03\/RFIberlin967png-300x168.png 300w\" sizes=\"(max-width: 204px) 100vw, 204px\" \/>\u00a0 <img loading=\"lazy\" decoding=\"async\" class=\"alignnone wp-image-1026934\" src=\"https:\/\/centre-francais.de\/wp-content\/uploads\/2026\/03\/Klett_4Cw_L.jpg\" alt=\"\" width=\"226\" height=\"113\" srcset=\"https:\/\/centre-francais.de\/wp-content\/uploads\/2026\/03\/Klett_4Cw_L.jpg 1181w, https:\/\/centre-francais.de\/wp-content\/uploads\/2026\/03\/Klett_4Cw_L-300x150.jpg 300w, https:\/\/centre-francais.de\/wp-content\/uploads\/2026\/03\/Klett_4Cw_L-1024x512.jpg 1024w, https:\/\/centre-francais.de\/wp-content\/uploads\/2026\/03\/Klett_4Cw_L-768x384.jpg 768w, https:\/\/centre-francais.de\/wp-content\/uploads\/2026\/03\/Klett_4Cw_L-1000x500.jpg 1000w, https:\/\/centre-francais.de\/wp-content\/uploads\/2026\/03\/Klett_4Cw_L-670x335.jpg 670w\" sizes=\"(max-width: 226px) 100vw, 226px\" \/><\/p>\n","protected":false},"excerpt":{"rendered":"<p>F\u00eate des Francophonies 2026: Das Centre Fran\u00e7ais de Berlin feiert die Vielfalt der frankophonen Welt &nbsp; 28.03.2026 &nbsp; &nbsp; Drei Stimmungen, tausend Entdeckungen: die Petite F\u00eate im CFB! Am Samstag, den 28. M\u00e4rz 2026, str\u00f6mte eine gro\u00dfe Anzahl fr\u00f6hlicher Menschen ins Centre Fran\u00e7ais de Berlin \u2013 getragen von einer gemeinsamen&#8230;<\/p>\n","protected":false},"author":11,"featured_media":1026996,"comment_status":"closed","ping_status":"open","sticky":false,"template":"","format":"standard","meta":{"footnotes":""},"categories":[121,122,200213],"tags":[],"class_list":{"0":"post-1027093","1":"post","2":"type-post","3":"status-publish","4":"format-standard","5":"has-post-thumbnail","7":"category-kultur","8":"category-austauschprojekte","9":"category-francophonie"},"_links":{"self":[{"href":"https:\/\/centre-francais.de\/de\/wp-json\/wp\/v2\/posts\/1027093"}],"collection":[{"href":"https:\/\/centre-francais.de\/de\/wp-json\/wp\/v2\/posts"}],"about":[{"href":"https:\/\/centre-francais.de\/de\/wp-json\/wp\/v2\/types\/post"}],"author":[{"embeddable":true,"href":"https:\/\/centre-francais.de\/de\/wp-json\/wp\/v2\/users\/11"}],"replies":[{"embeddable":true,"href":"https:\/\/centre-francais.de\/de\/wp-json\/wp\/v2\/comments?post=1027093"}],"version-history":[{"count":3,"href":"https:\/\/centre-francais.de\/de\/wp-json\/wp\/v2\/posts\/1027093\/revisions"}],"predecessor-version":[{"id":1027111,"href":"https:\/\/centre-francais.de\/de\/wp-json\/wp\/v2\/posts\/1027093\/revisions\/1027111"}],"wp:featuredmedia":[{"embeddable":true,"href":"https:\/\/centre-francais.de\/de\/wp-json\/wp\/v2\/media\/1026996"}],"wp:attachment":[{"href":"https:\/\/centre-francais.de\/de\/wp-json\/wp\/v2\/media?parent=1027093"}],"wp:term":[{"taxonomy":"category","embeddable":true,"href":"https:\/\/centre-francais.de\/de\/wp-json\/wp\/v2\/categories?post=1027093"},{"taxonomy":"post_tag","embeddable":true,"href":"https:\/\/centre-francais.de\/de\/wp-json\/wp\/v2\/tags?post=1027093"}],"curies":[{"name":"wp","href":"https:\/\/api.w.org\/{rel}","templated":true}]}}